{"id":8198,"date":"2025-12-30T15:06:18","date_gmt":"2025-12-30T15:06:18","guid":{"rendered":"https:\/\/danielhorowitz.com\/blog\/?p=8198"},"modified":"2025-12-31T07:51:12","modified_gmt":"2025-12-31T07:51:12","slug":"avocat-militant-voix-juive-au-service-de-la-france-insoumise-le-cas-arie-alimi","status":"publish","type":"post","link":"https:\/\/danielhorowitz.com\/blog\/index.php\/2025\/12\/30\/avocat-militant-voix-juive-au-service-de-la-france-insoumise-le-cas-arie-alimi\/","title":{"rendered":"Avocat, militant, voix juive au service de La France insoumise : le cas Ari\u00e9 Alimi"},"content":{"rendered":"<p style=\"text-align: justify;\">Ari\u00e9 Alimi s\u2019est impos\u00e9 au fil des ann\u00e9es comme une figure du d\u00e9bat public fran\u00e7ais. Avocat inscrit au barreau de Paris, engag\u00e9 dans la d\u00e9fense des libert\u00e9s publiques \u2014 notamment au sein de la Ligue des droits de l\u2019homme \u2014, il a progressivement d\u00e9bord\u00e9 le cadre strict de sa pratique professionnelle. Sa visibilit\u00e9 m\u00e9diatique ne repose plus seulement sur son expertise juridique, mais sur une pr\u00e9sence plus large, \u00e0 l\u2019intersection du droit et du militantisme.<\/p>\n<p style=\"text-align: justify;\">Alimi ne s\u2019exprime d\u00e9sormais plus seulement comme juriste, ni m\u00eame comme d\u00e9fenseur de principes universels. Il intervient comme un acteur \u00e0 part enti\u00e8re d\u2019un combat politique clairement situ\u00e9 \u00e0 l\u2019extr\u00eame gauche, et plus pr\u00e9cis\u00e9ment dans l\u2019orbite id\u00e9ologique de La France insoumise. Dans ses prises de parole, le droit tend \u00e0 s\u2019effacer au profit d\u2019une rh\u00e9torique de confrontation, o\u00f9 l\u2019enjeu n\u2019est plus tant d\u2019\u00e9tablir des faits ou de qualifier juridiquement des actes que de distribuer des r\u00f4les moraux : le juste et l\u2019injuste, le l\u00e9gitime et l\u2019ill\u00e9gitime, le fr\u00e9quentable et l\u2019infr\u00e9quentable.<\/p>\n<p style=\"text-align: justify;\">Ce glissement est particuli\u00e8rement perceptible dans la mani\u00e8re dont Alimi mobilise son identit\u00e9 juive. Celle-ci ne rel\u00e8ve plus d\u2019un simple \u00e9l\u00e9ment biographique, mais devient un levier argumentatif central. Il affirme r\u00e9guli\u00e8rement ses positions \u00ab en tant que juif \u00bb, conf\u00e9rant \u00e0 sa parole une autorit\u00e9 sp\u00e9cifique, notamment lorsqu\u2019il aborde la question de l\u2019antis\u00e9mitisme. Cette autorit\u00e9 est toutefois moins mobilis\u00e9e pour \u00e9clairer le d\u00e9bat que pour en fixer les limites : certains acteurs politiques se voient d\u00e9nier toute l\u00e9gitimit\u00e9 \u00e0 participer \u00e0 la lutte contre l\u2019antis\u00e9mitisme, non sur la base d\u2019actes \u00e9tablis ou de d\u00e9cisions de justice, mais au nom d\u2019une indignit\u00e9 pos\u00e9e comme \u00e9vidente. Cette logique vise en premier lieu le Rassemblement national, mais s\u2019\u00e9tend plus largement \u00e0 l\u2019ensemble de la droite.<\/p>\n<p style=\"text-align: justify;\">Dans le m\u00eame mouvement, Alimi d\u00e9veloppe un discours appuy\u00e9 de dissociation entre juda\u00efsme et sionisme. Il rappelle que le sionisme ne constitue ni l\u2019essence ni le c\u0153ur du juda\u00efsme, et qu\u2019il est possible d\u2019\u00eatre juif tout en se tenant \u00e0 distance de l\u2019\u00c9tat d\u2019Isra\u00ebl. Cette distinction, en elle-m\u00eame l\u00e9gitime, acquiert cependant une fonction particuli\u00e8re dans son propos : elle lui permet \u00e0 la fois de revendiquer une identit\u00e9 juive pr\u00e9sent\u00e9e comme ind\u00e9pendante d\u2019Isra\u00ebl et de sugg\u00e9rer que la solidarit\u00e9 avec Isra\u00ebl proc\u00e8de, chez beaucoup, d\u2019une instrumentalisation de la jud\u00e9it\u00e9.<\/p>\n<p style=\"text-align: justify;\">Cette posture appara\u00eet d\u2019autant plus probl\u00e9matique qu\u2019elle entre en tension avec un fait d\u00e9sormais largement document\u00e9 : le malaise profond ressenti par de nombreux Juifs de France \u00e0 l\u2019\u00e9gard de La France insoumise, per\u00e7ue comme l\u2019un des principaux vecteurs de banalisation \u2014 voire de l\u00e9gitimation \u2014 de l\u2019antis\u00e9mitisme. Ce sentiment s\u2019est encore renforc\u00e9 depuis le massacre du 7 octobre, qui a agi comme un r\u00e9v\u00e9lateur de lignes de fracture d\u00e9j\u00e0 existantes.<\/p>\n<p style=\"text-align: justify;\">Le jugement r\u00e9cent d\u00e9boutant le philosophe Rapha\u00ebl Enthoven des poursuites engag\u00e9es contre lui apr\u00e8s avoir qualifi\u00e9 La France insoumise de mouvement \u00ab passionn\u00e9ment antis\u00e9mite \u00bb a ent\u00e9rin\u00e9 le caract\u00e8re l\u00e9gitime de cette appr\u00e9ciation dans le cadre du d\u00e9bat public. Elle ne peut plus \u00eatre disqualifi\u00e9e d\u2019embl\u00e9e comme outranci\u00e8re ou malveillante.<\/p>\n<p style=\"text-align: justify;\">En se pr\u00e9sentant comme juif tout en d\u00e9fendant une lecture diam\u00e9tralement oppos\u00e9e \u00e0 ce que vivent et expriment, au quotidien, de nombreux Juifs, Alimi revendique implicitement la capacit\u00e9 de d\u00e9finir ce que devrait \u00eatre leur position l\u00e9gitime face \u00e0 l\u2019antis\u00e9mitisme et \u00e0 ses vecteurs politiques. Cette pr\u00e9tention \u00e0 parler \u00e0 rebours d\u2019une exp\u00e9rience collective majoritaire interroge, non seulement sur le plan politique, mais aussi sur le rapport au r\u00e9el.<\/p>\n<p style=\"text-align: justify;\">Lorsqu\u2019une grille id\u00e9ologique est pos\u00e9e comme intangible, les faits qui la contredisent cessent d\u2019\u00eatre reconnus comme tels : ils sont relativis\u00e9s, disqualifi\u00e9s ou r\u00e9put\u00e9s illusoires. Le v\u00e9cu concret des Juifs \u2014 les peurs qu\u2019ils expriment, les signaux qu\u2019ils per\u00e7oivent et accumulent dans l\u2019espace public, \u00e0 l\u2019\u00e9cole, dans la rue, dans les discours politiques \u2014 n\u2019est plus entendu pour ce qu\u2019il est. Il est \u00e9valu\u00e9 \u00e0 l\u2019aune de sa conformit\u00e9 \u00e0 un r\u00e9cit pr\u00e9existant, et non reconnu comme l\u2019expression d\u2019une exp\u00e9rience historique et sociale singuli\u00e8re. La peur juive elle-m\u00eame devient suspecte, somm\u00e9e de se justifier, de se conformer ou de se taire. Dans cette configuration, le r\u00e9el n\u2019a plus lieu d\u2019\u00eatre : il devient un obstacle \u00e0 contourner, une g\u00eane \u00e0 neutraliser, jamais une donn\u00e9e \u00e0 affronter. Ce n\u2019est plus le r\u00e9el qui informe l\u2019analyse ; c\u2019est l\u2019analyse qui se prot\u00e8ge du r\u00e9el.<\/p>\n<p style=\"text-align: justify;\">D\u00e8s la fin du XIX\u1d49 si\u00e8cle, ce type de posture \u2014 que l\u2019on retrouve aujourd\u2019hui chez Alimi \u2014 a \u00e9t\u00e9 analys\u00e9 sous le nom de \u00ab haine de soi juive \u00bb. La notion d\u00e9signe un ph\u00e9nom\u00e8ne apparu dans le contexte de l\u2019\u00e9mancipation et de l\u2019antis\u00e9mitisme moderne : des Juifs qui, en qu\u00eate de reconnaissance dans l\u2019espace public, finissent par int\u00e9rioriser le regard hostile port\u00e9 sur leur propre groupe et par retourner contre celui-ci les cat\u00e9gories morales de leurs adversaires. L\u2019identit\u00e9 juive n\u2019est alors plus assum\u00e9e comme une appartenance partag\u00e9e, mais mobilis\u00e9e comme preuve de rupture, d\u2019exception, voire de sup\u00e9riorit\u00e9 morale \u00e0 l\u2019\u00e9gard des autres Juifs, d\u00e9sormais per\u00e7us comme compromis, aveugl\u00e9s ou suspects.<\/p>\n<p style=\"text-align: justify;\">C\u2019est \u00e9galement ce que l\u2019analyse politique d\u00e9signe par la figure de l\u2019\u00ab idiot utile \u00bb. Celle-ci ne renvoie pas \u00e0 une intention, mais \u00e0 une position objective au sein d\u2019un dispositif id\u00e9ologique donn\u00e9. La parole ainsi mise en avant permet \u00e0 un camp de se pr\u00e9munir contre certaines accusations en exhibant une dissidence \u00e9rig\u00e9e en preuve d\u2019int\u00e9grit\u00e9 morale. L\u2019histoire politique invite pourtant \u00e0 la prudence face \u00e0 ce type de configuration. \u00c0 travers les diff\u00e9rentes d\u00e9clinaisons des mouvements d\u2019extr\u00eame gauche, de nombreux Juifs ont adh\u00e9r\u00e9 \u00e0 des projets \u00e9mancipateurs qui les ont un temps mis en avant comme gages d\u2019universalisme. Beaucoup n\u2019ont pas per\u00e7u qu\u2019ils occupaient une fonction plus qu\u2019une place. Lorsque cette dissidence cessait d\u2019\u00eatre utile ou devenait encombrante, ces figures \u00e9taient souvent sacrifi\u00e9es, marginalis\u00e9es ou \u00e9limin\u00e9es symboliquement \u2014 parfois physiquement. Que ce sch\u00e9ma r\u00e9apparaisse aujourd\u2019hui \u00e0 l\u2019extr\u00eame gauche contemporaine ne rel\u00e8ve pas du hasard, mais d\u2019une continuit\u00e9 dont les le\u00e7ons historiques sont connues.<\/p>\n<p style=\"text-align: justify;\">Le portrait qui se dessine n\u2019est donc plus seulement celui d\u2019un avocat engag\u00e9, mais celui d\u2019un acteur id\u00e9ologique pour qui le droit a c\u00e9d\u00e9 la place \u00e0 une moralisation appauvrie du d\u00e9bat public, faite de postures, d\u2019anath\u00e8mes et de hi\u00e9rarchies \u00e9thiques sommaires. Chez Alimi, la lutte contre l\u2019antis\u00e9mitisme, la d\u00e9fense des libert\u00e9s et la d\u00e9nonciation de l\u2019extr\u00eame droite rel\u00e8vent d\u00e9sormais d\u2019une logique de tri moral : certains acteurs sont d\u00e9clar\u00e9s indignes par principe, ind\u00e9pendamment de leurs actes, de leurs paroles ou de faits \u00e9tablis.<\/p>\n<p style=\"text-align: justify;\">En pr\u00e9tendant incarner une parole juive l\u00e9gitime tout en disqualifiant les inqui\u00e9tudes et les exp\u00e9riences v\u00e9cues par une majorit\u00e9 de Juifs de France, Alimi illustre une forme d\u2019irresponsabilit\u00e9 travestie en vertu. \u00c0 force de substituer l\u2019anath\u00e8me \u00e0 l\u2019analyse, la posture id\u00e9ologique au droit et la dissidence ostentatoire \u00e0 la responsabilit\u00e9 collective, il contribue \u00e0 brouiller les lignes.<\/p>\n<p style=\"text-align: justify;\">Ce faisant, Alimi s\u2019est coup\u00e9 de ce qui constituait son assise historique, culturelle et intellectuelle en tant que juif. En rompant avec l\u2019exp\u00e9rience collective et avec les h\u00e9ritages de lucidit\u00e9 forg\u00e9s dans l\u2019\u00e9preuve, il a cru pouvoir se rattacher \u00e0 une id\u00e9ologie qui se nourrit pr\u00e9cis\u00e9ment de ces ruptures. Mais ce type d\u2019id\u00e9ologie utilise, expose, puis laisse \u00e0 nu. \u00c0 la fin, il ne reste ni refuge ni retour possible : seulement l\u2019isolement et l\u2019absence de tout lieu o\u00f9 se tenir.<\/p>\n<p style=\"text-align: justify;\">En disqualifiant les alertes, en relativisant les formes contemporaines de l\u2019antis\u00e9mitisme lorsqu\u2019elles \u00e9manent de son propre camp, en opposant l\u2019abstraction aux exp\u00e9riences v\u00e9cues, il contribue \u00e0 nourrir ce qu\u2019il pr\u00e9tend combattre. L\u2019antis\u00e9mitisme prosp\u00e8re gr\u00e2ce aux aveuglements qui le minimisent, aux discours qui le dissolvent et aux figures qui, au nom de la vertu, rendent son identification difficile. \u00c0 ce stade, l\u2019hypoth\u00e8se de l\u2019erreur ne tient plus : ce qui se joue rel\u00e8ve d\u2019une faute morale assum\u00e9e.<\/p>\n","protected":false},"excerpt":{"rendered":"<p>Ari\u00e9 Alimi s\u2019est impos\u00e9 au fil des ann\u00e9es comme une figure du d\u00e9bat public fran\u00e7ais. Avocat inscrit au barreau de Paris, engag\u00e9 dans la d\u00e9fense des libert\u00e9s publiques \u2014 notamment au sein de la Ligue des droits de l\u2019homme \u2014, il a progressivement d\u00e9bord\u00e9 le cadre strict de sa pratique professionnelle. Sa visibilit\u00e9 m\u00e9diatique ne &hellip; <a href=\"https:\/\/danielhorowitz.com\/blog\/index.php\/2025\/12\/30\/avocat-militant-voix-juive-au-service-de-la-france-insoumise-le-cas-arie-alimi\/\" class=\"more-link\">Continue reading<span class=\"screen-reader-text\"> &#8220;Avocat, militant, voix juive au service de La France insoumise : le cas Ari\u00e9 Alimi&#8221;<\/span><\/a><\/p>\n","protected":false},"author":414,"featured_media":0,"comment_status":"closed","ping_status":"closed","sticky":false,"template":"","format":"standard","meta":{"footnotes":""},"categories":[13,3,2,5],"tags":[],"class_list":["post-8198","post","type-post","status-publish","format-standard","hentry","category-antisemitisme","category-israel","category-judaisme","category-philosophie"],"_links":{"self":[{"href":"https:\/\/danielhorowitz.com\/blog\/index.php\/wp-json\/wp\/v2\/posts\/8198","targetHints":{"allow":["GET"]}}],"collection":[{"href":"https:\/\/danielhorowitz.com\/blog\/index.php\/wp-json\/wp\/v2\/posts"}],"about":[{"href":"https:\/\/danielhorowitz.com\/blog\/index.php\/wp-json\/wp\/v2\/types\/post"}],"author":[{"embeddable":true,"href":"https:\/\/danielhorowitz.com\/blog\/index.php\/wp-json\/wp\/v2\/users\/414"}],"replies":[{"embeddable":true,"href":"https:\/\/danielhorowitz.com\/blog\/index.php\/wp-json\/wp\/v2\/comments?post=8198"}],"version-history":[{"count":8,"href":"https:\/\/danielhorowitz.com\/blog\/index.php\/wp-json\/wp\/v2\/posts\/8198\/revisions"}],"predecessor-version":[{"id":8206,"href":"https:\/\/danielhorowitz.com\/blog\/index.php\/wp-json\/wp\/v2\/posts\/8198\/revisions\/8206"}],"wp:attachment":[{"href":"https:\/\/danielhorowitz.com\/blog\/index.php\/wp-json\/wp\/v2\/media?parent=8198"}],"wp:term":[{"taxonomy":"category","embeddable":true,"href":"https:\/\/danielhorowitz.com\/blog\/index.php\/wp-json\/wp\/v2\/categories?post=8198"},{"taxonomy":"post_tag","embeddable":true,"href":"https:\/\/danielhorowitz.com\/blog\/index.php\/wp-json\/wp\/v2\/tags?post=8198"}],"curies":[{"name":"wp","href":"https:\/\/api.w.org\/{rel}","templated":true}]}}