{"id":8302,"date":"2026-01-16T07:00:29","date_gmt":"2026-01-16T07:00:29","guid":{"rendered":"https:\/\/danielhorowitz.com\/blog\/?p=8302"},"modified":"2026-01-16T07:00:29","modified_gmt":"2026-01-16T07:00:29","slug":"lillusion-de-la-fusion-une-constante-de-lhistoire-juive","status":"publish","type":"post","link":"https:\/\/danielhorowitz.com\/blog\/index.php\/2026\/01\/16\/lillusion-de-la-fusion-une-constante-de-lhistoire-juive\/","title":{"rendered":"L\u2019illusion de la fusion : une constante de l\u2019histoire juive"},"content":{"rendered":"<p style=\"text-align: justify;\">Il existe une diff\u00e9rence d\u00e9cisive entre des appartenances multiples et une identit\u00e9. Les premi\u00e8res peuvent coexister, se superposer, s\u2019articuler ; la seconde ne se divise pas. Une identit\u00e9 n\u2019est pas un cumul d\u2019\u00e9l\u00e9ments culturels ou juridiques, elle est ce qui structure en dernier ressort le rapport \u00e0 soi, \u00e0 l\u2019histoire et au monde. De ce point de vue, la notion de \u00ab double identit\u00e9 \u00bb rel\u00e8ve moins d\u2019une r\u00e9alit\u00e9 v\u00e9cue que d\u2019une fiction conceptuelle rassurante. On peut avoir plusieurs loyaut\u00e9s, plusieurs langues, plusieurs r\u00e9f\u00e9rences ; on n\u2019a pas deux identit\u00e9s au m\u00eame niveau de profondeur.<\/p>\n<p style=\"text-align: justify;\">La question juive rend cette distinction particuli\u00e8rement visible. \u00catre juif n\u2019est pas, au sens moderne, appartenir \u00e0 une religion. Le juda\u00efsme n\u2019est pas une confession parmi d\u2019autres, mais l\u2019expression historique, culturelle et symbolique d\u2019un peuple. La cat\u00e9gorie de \u00ab religion \u00bb est ici inad\u00e9quate : elle d\u00e9coupe artificiellement ce qui, dans l\u2019exp\u00e9rience juive, rel\u00e8ve de l\u2019\u00eatre plut\u00f4t que de la croyance. On peut \u00eatre juif sans foi, sans pratique, sans r\u00e9f\u00e9rence explicite \u00e0 la tradition religieuse, et demeurer n\u00e9anmoins porteur d\u2019une identit\u00e9 juive. Cette identit\u00e9 peut \u00eatre v\u00e9cue intens\u00e9ment ou silencieusement, transmise clairement ou de mani\u00e8re diffuse, mais elle ne se r\u00e9duit pas \u00e0 un choix individuel ni \u00e0 une adh\u00e9sion doctrinale.<\/p>\n<p style=\"text-align: justify;\">Dans des contextes communautaires fortement structur\u00e9s, l\u2019identit\u00e9 juive s\u2019impose comme une \u00e9vidence sociale. Elle est visible, assum\u00e9e, prot\u00e9g\u00e9e par des fronti\u00e8res symboliques nettes. Elle ne suppose ni hostilit\u00e9 envers l\u2019environnement ni repli d\u00e9fensif, mais une absence d\u2019ambigu\u00eft\u00e9. L\u2019identit\u00e9 n\u2019y est pas n\u00e9goci\u00e9e, elle est donn\u00e9e. Elle organise naturellement la place de l\u2019individu dans le monde social.<\/p>\n<p style=\"text-align: justify;\">\u00c0 l\u2019inverse, dans des soci\u00e9t\u00e9s marqu\u00e9es par une forte int\u00e9gration civique et culturelle, l\u2019identit\u00e9 juive se vit sur un mode beaucoup plus discret. Les individus partagent la langue, les codes sociaux, les r\u00e9f\u00e9rences politiques et culturelles de la soci\u00e9t\u00e9 majoritaire. Ils participent pleinement \u00e0 la vie collective, se per\u00e7oivent comme citoyens \u00e0 part enti\u00e8re, et cette int\u00e9gration est r\u00e9elle. Elle n\u2019est ni fictive ni superficielle.<\/p>\n<p style=\"text-align: justify;\">La divergence appara\u00eet lorsqu\u2019on confond int\u00e9gration et identit\u00e9. Participer pleinement \u00e0 une soci\u00e9t\u00e9, en partager les valeurs et la culture, ne signifie pas en devenir porteur sur le plan identitaire. L\u2019int\u00e9gration ne produit pas une nouvelle identit\u00e9 profonde ; elle organise une coexistence. L\u2019id\u00e9e selon laquelle un individu pourrait porter simultan\u00e9ment une identit\u00e9 juive et une identit\u00e9 nationale comme deux appartenances fondatrices \u00e9quivalentes repose sur une confusion. Il peut y avoir coexistence, il n\u2019y a pas fusion.<\/p>\n<p style=\"text-align: justify;\">L\u2019histoire juive montre que des p\u00e9riodes d\u2019int\u00e9gration remarquable ont exist\u00e9 \u00e0 de multiples reprises : dans l\u2019Antiquit\u00e9, en \u00c9gypte, en Espagne m\u00e9di\u00e9vale, dans le monde arabo-musulman, dans l\u2019Europe germanophone du d\u00e9but du XX\u1d49 si\u00e8cle. Les Juifs ont souvent \u00e9t\u00e9 partie prenante de la vie \u00e9conomique, intellectuelle et culturelle, parfois avec un sentiment de s\u00e9curit\u00e9 et de reconnaissance. Pourtant, ces phases se sont presque toujours achev\u00e9es par des ruptures brutales. Ces retournements n\u2019\u00e9taient pas toujours pr\u00e9visibles dans leur forme, mais ils r\u00e9v\u00e8lent une constante : l\u2019int\u00e9gration ne se transforme pas en identit\u00e9 partag\u00e9e.<\/p>\n<p style=\"text-align: justify;\">En France, \u00e0 partir du XIX\u1d49 si\u00e8cle, le projet juif a souvent d\u00e9pass\u00e9 l\u2019int\u00e9gration pour viser la fusion. La France \u00e9tait per\u00e7ue comme porteuse d\u2019un universalisme capable d\u2019englober le juda\u00efsme sans le nier. La diffusion de la langue et de la culture fran\u00e7aises parmi les communaut\u00e9s juives d\u2019Afrique du Nord et du Levant relevait de cette aspiration : non pas dispara\u00eetre, mais faire co\u00efncider deux fid\u00e9lit\u00e9s.<\/p>\n<p style=\"text-align: justify;\">Cette aspiration est cependant rest\u00e9e largement unilat\u00e9rale. Elle a \u00e9t\u00e9 port\u00e9e par les Juifs eux-m\u00eames, sans trouver de r\u00e9pondant \u00e9quivalent dans la soci\u00e9t\u00e9 majoritaire. Dans la culture europ\u00e9enne, et fran\u00e7aise en particulier, subsiste un antis\u00e9mitisme h\u00e9rit\u00e9 de si\u00e8cles de christianisme, de repr\u00e9sentations n\u00e9gatives et de soup\u00e7ons anthropologiques \u00e0 l\u2019\u00e9gard du Juif. Cet h\u00e9ritage peut coexister avec un attachement sinc\u00e8re \u00e0 l\u2019universalisme r\u00e9publicain ; il n\u2019est pas toujours conscient ni revendiqu\u00e9. Mais il constitue une structure latente, susceptible de se r\u00e9activer lorsque les circonstances s\u2019y pr\u00eatent.<\/p>\n<p style=\"text-align: justify;\">Le r\u00e9gime de Vichy fut la manifestation d\u2019une possibilit\u00e9 inscrite dans l\u2019histoire. Cela n\u2019implique ni une culpabilit\u00e9 collective des Fran\u00e7ais ni une r\u00e9duction des comportements individuels \u00e0 un d\u00e9terminisme culturel. Mais cela montre que la fusion n\u2019a jamais \u00e9t\u00e9 r\u00e9ciproque. Il n\u2019existe pas, du c\u00f4t\u00e9 juif, d\u2019hostilit\u00e9 structurelle envers les non-Juifs qui serait sym\u00e9trique de celle dont les Juifs ont historiquement \u00e9t\u00e9 l\u2019objet. Cette asym\u00e9trie est centrale.<\/p>\n<p style=\"text-align: justify;\">Les Juifs peuvent vivre durablement dans une soci\u00e9t\u00e9, y \u00eatre loyaux, civiques, engag\u00e9s, y contribuer pleinement, sans pour autant en devenir l\u2019expression identitaire. Leur situation rel\u00e8ve moins d\u2019une fusion que d\u2019une r\u00e9sidence permanente. Ils disposent de tous les droits et assument tous les devoirs, mais leur identit\u00e9 demeure ailleurs. Ils sont un peuple dans le peuple.<\/p>\n<p style=\"text-align: justify;\">Il existe des trajectoires d\u2019assimilation compl\u00e8te, o\u00f9 la jud\u00e9it\u00e9 ne subsiste que comme fait g\u00e9n\u00e9alogique. Pourtant, m\u00eame l\u00e0, un paradoxe persiste : l\u2019assignation ext\u00e9rieure ne dispara\u00eet pas n\u00e9cessairement avec l\u2019effacement subjectif de l\u2019identit\u00e9. Un nom, une origine suppos\u00e9e, une filiation r\u00e9elle ou imaginaire peuvent suffire \u00e0 d\u00e9signer quelqu\u2019un comme juif aux yeux d\u2019autrui. L\u2019antis\u00e9mitisme ne s\u2019adresse pas \u00e0 une identit\u00e9 v\u00e9cue, mais \u00e0 une cat\u00e9gorie.<\/p>\n<p style=\"text-align: justify;\">C\u2019est ce m\u00e9canisme qui a \u00e9t\u00e9 \u00e0 l\u2019\u0153uvre pendant la Shoah, lorsque des individus sans lien affectif, culturel ou religieux avec le juda\u00efsme ont \u00e9t\u00e9 pers\u00e9cut\u00e9s et assassin\u00e9s. L\u2019effacement int\u00e9rieur n\u2019a pas prot\u00e9g\u00e9 du regard qui assigne.<\/p>\n<p style=\"text-align: justify;\">On observe des ph\u00e9nom\u00e8nes analogues chez d\u2019autres groupes porteurs d\u2019identit\u00e9s transmises qui ne se dissolvent pas dans le cadre national. Ces identit\u00e9s peuvent coexister durablement avec la nation sans jamais s\u2019y fondre, et leur invisibilisation subjective ne garantit pas leur disparition sociale.<\/p>\n<p style=\"text-align: justify;\">Cette tension n\u2019est ni accidentelle ni transitoire. Elle tient \u00e0 l\u2019impossibilit\u00e9 de la double identit\u00e9 et \u00e0 la persistance de certaines appartenances qui ne se laissent ni convertir ni absorber par l\u2019identit\u00e9 nationale. Toute r\u00e9flexion lucide sur l\u2019int\u00e9gration doit reconna\u00eetre cette limite, faute de quoi elle entretient l\u2019illusion de la fusion \u2014 une illusion historiquement r\u00e9p\u00e9t\u00e9e et lourdement pay\u00e9e.<\/p>\n","protected":false},"excerpt":{"rendered":"<p>Il existe une diff\u00e9rence d\u00e9cisive entre des appartenances multiples et une identit\u00e9. Les premi\u00e8res peuvent coexister, se superposer, s\u2019articuler ; la seconde ne se divise pas. Une identit\u00e9 n\u2019est pas un cumul d\u2019\u00e9l\u00e9ments culturels ou juridiques, elle est ce qui structure en dernier ressort le rapport \u00e0 soi, \u00e0 l\u2019histoire et au monde. De ce &hellip; <a href=\"https:\/\/danielhorowitz.com\/blog\/index.php\/2026\/01\/16\/lillusion-de-la-fusion-une-constante-de-lhistoire-juive\/\" class=\"more-link\">Continue reading<span class=\"screen-reader-text\"> &#8220;L\u2019illusion de la fusion : une constante de l\u2019histoire juive&#8221;<\/span><\/a><\/p>\n","protected":false},"author":414,"featured_media":0,"comment_status":"closed","ping_status":"closed","sticky":false,"template":"","format":"standard","meta":{"footnotes":""},"categories":[13,3,2,4,7],"tags":[],"class_list":["post-8302","post","type-post","status-publish","format-standard","hentry","category-antisemitisme","category-israel","category-judaisme","category-politique","category-societe"],"_links":{"self":[{"href":"https:\/\/danielhorowitz.com\/blog\/index.php\/wp-json\/wp\/v2\/posts\/8302","targetHints":{"allow":["GET"]}}],"collection":[{"href":"https:\/\/danielhorowitz.com\/blog\/index.php\/wp-json\/wp\/v2\/posts"}],"about":[{"href":"https:\/\/danielhorowitz.com\/blog\/index.php\/wp-json\/wp\/v2\/types\/post"}],"author":[{"embeddable":true,"href":"https:\/\/danielhorowitz.com\/blog\/index.php\/wp-json\/wp\/v2\/users\/414"}],"replies":[{"embeddable":true,"href":"https:\/\/danielhorowitz.com\/blog\/index.php\/wp-json\/wp\/v2\/comments?post=8302"}],"version-history":[{"count":6,"href":"https:\/\/danielhorowitz.com\/blog\/index.php\/wp-json\/wp\/v2\/posts\/8302\/revisions"}],"predecessor-version":[{"id":8308,"href":"https:\/\/danielhorowitz.com\/blog\/index.php\/wp-json\/wp\/v2\/posts\/8302\/revisions\/8308"}],"wp:attachment":[{"href":"https:\/\/danielhorowitz.com\/blog\/index.php\/wp-json\/wp\/v2\/media?parent=8302"}],"wp:term":[{"taxonomy":"category","embeddable":true,"href":"https:\/\/danielhorowitz.com\/blog\/index.php\/wp-json\/wp\/v2\/categories?post=8302"},{"taxonomy":"post_tag","embeddable":true,"href":"https:\/\/danielhorowitz.com\/blog\/index.php\/wp-json\/wp\/v2\/tags?post=8302"}],"curies":[{"name":"wp","href":"https:\/\/api.w.org\/{rel}","templated":true}]}}