{"id":8455,"date":"2026-02-18T17:15:08","date_gmt":"2026-02-18T17:15:08","guid":{"rendered":"https:\/\/danielhorowitz.com\/blog\/?p=8455"},"modified":"2026-02-19T06:13:05","modified_gmt":"2026-02-19T06:13:05","slug":"la-trahison-de-la-gauche-republicaine","status":"publish","type":"post","link":"https:\/\/danielhorowitz.com\/blog\/index.php\/2026\/02\/18\/la-trahison-de-la-gauche-republicaine\/","title":{"rendered":"La trahison de la gauche r\u00e9publicaine"},"content":{"rendered":"<p style=\"text-align: justify;\">Le 14 f\u00e9vrier, \u00e0 Lyon, un militant nationaliste de 23 ans, Quentin Deranque, a \u00e9t\u00e9 lynch\u00e9 et laiss\u00e9 pour mort par des individus issus de l\u2019ultra-gauche, en marge d\u2019une conf\u00e9rence organis\u00e9e \u00e0 l\u2019Institut d\u2019\u00e9tudes politiques de Lyon. \u00c0 cette conf\u00e9rence participait l\u2019eurod\u00e9put\u00e9e Rima Hassan, membre de La France Insoumise et chantre de l\u2019antis\u00e9mitisme au Parlement europ\u00e9en.<\/p>\n<p style=\"text-align: justify;\">Les t\u00e9moignages et les images rendues publiques d\u00e9crivent un passage \u00e0 tabac collectif d\u2019une extr\u00eame violence. Une information judiciaire pour meurtre a \u00e9t\u00e9 ouverte. Parmi les personnes interpell\u00e9es figure l\u2019assistant parlementaire du d\u00e9put\u00e9 LFI Rapha\u00ebl Arnault, cofondateur de la Jeune Garde, d\u00e9j\u00e0 condamn\u00e9 par le pass\u00e9 pour violences en r\u00e9union.<\/p>\n<p style=\"text-align: justify;\">Ces faits posent une question de fond : comment un mouvement devenu central dans l\u2019architecture de la gauche parlementaire peut-il entretenir des proximit\u00e9s avec des groupes au sein desquels la violence physique est consid\u00e9r\u00e9e comme une modalit\u00e9 l\u00e9gitime de l\u2019engagement ?<\/p>\n<p style=\"text-align: justify;\">Depuis plusieurs ann\u00e9es, LFI s\u2019est impos\u00e9e comme le pivot de la gauche dite d\u2019union. Les alliances ont \u00e9t\u00e9 nou\u00e9es en connaissance de cause. Les formations social-d\u00e9mocrates, \u00e9cologistes et r\u00e9publicaines ne pouvaient ignorer ni le style, ni les m\u00e9thodes, ni les ambigu\u00eft\u00e9s du mouvement auquel elles ont choisi de s\u2019adosser. Elles ont privil\u00e9gi\u00e9 l\u2019efficacit\u00e9 \u00e9lectorale \u00e0 la clart\u00e9 politique.<\/p>\n<p style=\"text-align: justify;\">Depuis le 7 octobre, LFI s\u2019est singularis\u00e9e par son refus de qualifier le Hamas d\u2019organisation terroriste. Elle a multipli\u00e9 l\u2019usage du terme \u00ab g\u00e9nocide \u00bb pour qualifier l\u2019action d\u2019Isra\u00ebl. Les alertes sur ses d\u00e9rives antis\u00e9mites ne sont pas venues des seuls adversaires politiques : des intellectuels, des responsables associatifs, des \u00e9lus de sensibilit\u00e9s diverses ont d\u00e9nonc\u00e9 une rh\u00e9torique brouillant la fronti\u00e8re entre critique d\u2019Isra\u00ebl et stigmatisation des Juifs. Le philosophe Rapha\u00ebl Enthoven a ainsi parl\u00e9 d\u2019un mouvement \u00ab passionn\u00e9ment antis\u00e9mite \u00bb. Ces mises en garde ont exist\u00e9.<\/p>\n<p style=\"text-align: justify;\">Au-del\u00e0 de cette question, LFI a install\u00e9 un langage politique satur\u00e9 d\u2019invectives, de mises en accusation globales, de soup\u00e7ons de trahison et de d\u00e9l\u00e9gitimation syst\u00e9matique des contre-pouvoirs. Police, justice, m\u00e9dias, institutions : tout devient suspect d\u00e8s lors que cela contrarie la ligne du mouvement. La conflictualit\u00e9 n\u2019est plus pens\u00e9e comme un d\u00e9saccord d\u00e9mocratique, mais comme une confrontation morale. L\u2019adversaire politique cesse d\u2019\u00eatre un concurrent ; il devient un ennemi.<\/p>\n<p style=\"text-align: justify;\">Dans un tel climat, la violence verbale pr\u00e9pare les esprits. Elle banalise l\u2019id\u00e9e que certains seraient intrins\u00e8quement ill\u00e9gitimes et que leur simple pr\u00e9sence constituerait une provocation. Les groupes d\u2019ultra-gauche prosp\u00e8rent dans ces zones grises o\u00f9 la condamnation formelle de la violence coexiste avec une compr\u00e9hension implicite de ceux qui l\u2019exercent \u00ab au nom de la cause \u00bb.<\/p>\n<p style=\"text-align: justify;\">La gauche r\u00e9publicaine a vu, entendu, lu. Et pourtant, elle a estim\u00e9 que ces d\u00e9rives ne constituaient pas une ligne rouge. Elle a pari\u00e9 que la radicalit\u00e9 pourrait \u00eatre contenue, rendue compatible avec l\u2019exercice du pouvoir. Elle a cru possible une alliance sans co\u00fbt moral.<\/p>\n<p style=\"text-align: justify;\">En appelant \u00e0 soutenir des candidats LFI au nom d\u2019un \u00ab barrage r\u00e9publicain \u00bb, y compris depuis des formations centristes, elle a valid\u00e9 l\u2019id\u00e9e que ce mouvement s\u2019inscrivait dans le p\u00e9rim\u00e8tre r\u00e9publicain. Elle a ainsi accord\u00e9 une l\u00e9gitimit\u00e9 politique \u00e0 une formation dont le rapport \u00e0 la violence, \u00e0 l\u2019antis\u00e9mitisme et au respect des institutions faisait d\u00e9j\u00e0 d\u00e9bat. Elle a fait un pacte avec le diable.<\/p>\n<p style=\"text-align: justify;\">La responsabilit\u00e9 politique ne consiste pas \u00e0 publier des communiqu\u00e9s indign\u00e9s lorsque le pire est survenu. Elle suppose de refuser par avance des alliances qui contribuent \u00e0 banaliser un climat de tension permanente. Elle exige de reconna\u00eetre qu\u2019il existe des seuils au-del\u00e0 desquels la strat\u00e9gie \u00e9lectorale cesse d\u2019\u00eatre un compromis pour devenir une compromission.<\/p>\n<p style=\"text-align: justify;\">En int\u00e9grant \u00e0 son dispositif un mouvement dont le rapport \u00e0 la conflictualit\u00e9, au langage et \u00e0 la radicalit\u00e9 suscite la controverse depuis des ann\u00e9es, la gauche dite \u00ab r\u00e9publicaine \u00bb a reni\u00e9 sa propre exigence \u00e9thique. Elle a tol\u00e9r\u00e9 l\u2019outrance comme m\u00e9thode. Elle a accept\u00e9 l\u2019ambigu\u00eft\u00e9 comme tactique. Elle a jet\u00e9 les Juifs en p\u00e2ture, renouant avec une vieille tradition de gauche. Elle a diff\u00e9r\u00e9 la rupture tant qu\u2019elle en jugeait le co\u00fbt politique trop \u00e9lev\u00e9.<\/p>\n<p style=\"text-align: justify;\">Les prises de distance tardives ne rel\u00e8vent pas d\u2019un sursaut. Elles reconnaissent implicitement que la fronti\u00e8re aurait pu \u00eatre trac\u00e9e plus t\u00f4t \u2014 et qu\u2019elle ne l\u2019a pas \u00e9t\u00e9. La gauche r\u00e9publicaine ne peut pas se d\u00e9fausser sur les circonstances. Elle a choisi, elle a cautionn\u00e9, elle a persist\u00e9. On ne d\u00e9fend pas la R\u00e9publique en fermant les yeux sur ce qui l\u2019\u00e9rode ; on l\u2019ab\u00eeme en pr\u00e9tendant ne rien voir.<\/p>\n","protected":false},"excerpt":{"rendered":"<p>Le 14 f\u00e9vrier, \u00e0 Lyon, un militant nationaliste de 23 ans, Quentin Deranque, a \u00e9t\u00e9 lynch\u00e9 et laiss\u00e9 pour mort par des individus issus de l\u2019ultra-gauche, en marge d\u2019une conf\u00e9rence organis\u00e9e \u00e0 l\u2019Institut d\u2019\u00e9tudes politiques de Lyon. \u00c0 cette conf\u00e9rence participait l\u2019eurod\u00e9put\u00e9e Rima Hassan, membre de La France Insoumise et chantre de l\u2019antis\u00e9mitisme au Parlement &hellip; <a href=\"https:\/\/danielhorowitz.com\/blog\/index.php\/2026\/02\/18\/la-trahison-de-la-gauche-republicaine\/\" class=\"more-link\">Continue reading<span class=\"screen-reader-text\"> &#8220;La trahison de la gauche r\u00e9publicaine&#8221;<\/span><\/a><\/p>\n","protected":false},"author":414,"featured_media":0,"comment_status":"closed","ping_status":"closed","sticky":false,"template":"","format":"standard","meta":{"footnotes":""},"categories":[13,3,4],"tags":[],"class_list":["post-8455","post","type-post","status-publish","format-standard","hentry","category-antisemitisme","category-israel","category-politique"],"_links":{"self":[{"href":"https:\/\/danielhorowitz.com\/blog\/index.php\/wp-json\/wp\/v2\/posts\/8455","targetHints":{"allow":["GET"]}}],"collection":[{"href":"https:\/\/danielhorowitz.com\/blog\/index.php\/wp-json\/wp\/v2\/posts"}],"about":[{"href":"https:\/\/danielhorowitz.com\/blog\/index.php\/wp-json\/wp\/v2\/types\/post"}],"author":[{"embeddable":true,"href":"https:\/\/danielhorowitz.com\/blog\/index.php\/wp-json\/wp\/v2\/users\/414"}],"replies":[{"embeddable":true,"href":"https:\/\/danielhorowitz.com\/blog\/index.php\/wp-json\/wp\/v2\/comments?post=8455"}],"version-history":[{"count":5,"href":"https:\/\/danielhorowitz.com\/blog\/index.php\/wp-json\/wp\/v2\/posts\/8455\/revisions"}],"predecessor-version":[{"id":8460,"href":"https:\/\/danielhorowitz.com\/blog\/index.php\/wp-json\/wp\/v2\/posts\/8455\/revisions\/8460"}],"wp:attachment":[{"href":"https:\/\/danielhorowitz.com\/blog\/index.php\/wp-json\/wp\/v2\/media?parent=8455"}],"wp:term":[{"taxonomy":"category","embeddable":true,"href":"https:\/\/danielhorowitz.com\/blog\/index.php\/wp-json\/wp\/v2\/categories?post=8455"},{"taxonomy":"post_tag","embeddable":true,"href":"https:\/\/danielhorowitz.com\/blog\/index.php\/wp-json\/wp\/v2\/tags?post=8455"}],"curies":[{"name":"wp","href":"https:\/\/api.w.org\/{rel}","templated":true}]}}